{"id":7077,"date":"2023-03-16T16:48:10","date_gmt":"2023-03-16T15:48:10","guid":{"rendered":"https:\/\/wp2023.berlin-zeppelin.de\/?p=7077"},"modified":"2023-04-18T11:06:33","modified_gmt":"2023-04-18T09:06:33","slug":"aufblasbarer-globus-fuer-die-messe-hamburg","status":"publish","type":"post","link":"https:\/\/www.berlinzeppelin.de\/en\/aufblasbarer-globus-fuer-die-messe-hamburg\/","title":{"rendered":"Inflatable globe for the Hamburg Trade Fair Centre"},"content":{"rendered":"","protected":false},"excerpt":{"rendered":"<p>With a diameter of 3m. Visual attraction for the outdoor and entrance area of a trade fair in Hamburg. <\/p>","protected":false},"author":3,"featured_media":5394,"comment_status":"open","ping_status":"open","sticky":false,"template":"","format":"standard","meta":{"inline_featured_image":false,"_monsterinsights_skip_tracking":false,"_monsterinsights_sitenote_active":false,"_monsterinsights_sitenote_note":"","_monsterinsights_sitenote_category":0,"footnotes":""},"categories":[163],"tags":[],"class_list":["post-7077","post","type-post","status-publish","format-standard","has-post-thumbnail","hentry","category-globus"],"yoast_head":"<!-- This site is optimized with the Yoast SEO plugin v27.2 - https:\/\/yoast.com\/product\/yoast-seo-wordpress\/ -->\n<title>aufblasbarer Globus f\u00fcr die Messe Hamburg - Berlinzeppelin<\/title>\n<meta name=\"description\" content=\"3m Globus Messe Hamburg. Optischer Anziehungspunkt f\u00fcr den Au\u00dfen- und Eingangsbereich einer Fachmesse in Hamburg.\" \/>\n<meta name=\"robots\" content=\"index, follow, max-snippet:-1, max-image-preview:large, max-video-preview:-1\" \/>\n<link rel=\"canonical\" href=\"https:\/\/www.berlinzeppelin.de\/en\/aufblasbarer-globus-fuer-die-messe-hamburg\/\" \/>\n<meta property=\"og:locale\" content=\"en_GB\" \/>\n<meta property=\"og:type\" content=\"article\" \/>\n<meta property=\"og:title\" content=\"aufblasbarer Globus f\u00fcr die Messe Hamburg - Berlinzeppelin\" \/>\n<meta property=\"og:description\" content=\"3m Globus Messe Hamburg. Optischer Anziehungspunkt f\u00fcr den Au\u00dfen- und Eingangsbereich einer Fachmesse in Hamburg.\" \/>\n<meta property=\"og:url\" content=\"https:\/\/www.berlinzeppelin.de\/en\/aufblasbarer-globus-fuer-die-messe-hamburg\/\" \/>\n<meta property=\"og:site_name\" content=\"Berlinzeppelin\" \/>\n<meta property=\"article:published_time\" content=\"2023-03-16T15:48:10+00:00\" \/>\n<meta property=\"article:modified_time\" content=\"2023-04-18T09:06:33+00:00\" \/>\n<meta property=\"og:image\" content=\"https:\/\/www.berlinzeppelin.de\/wp-content\/uploads\/Globus-Display-topografischer-Globus-mit-L\u00e4ndergrenzen.jpg\" \/>\n\t<meta property=\"og:image:width\" content=\"1500\" \/>\n\t<meta property=\"og:image:height\" content=\"1000\" \/>\n\t<meta property=\"og:image:type\" content=\"image\/jpeg\" \/>\n<meta name=\"author\" content=\"kai\" \/>\n<meta name=\"twitter:card\" content=\"summary_large_image\" \/>\n<meta name=\"twitter:label1\" content=\"Written by\" \/>\n\t<meta name=\"twitter:data1\" content=\"kai\" \/>\n<script type=\"application\/ld+json\" class=\"yoast-schema-graph\">{\"@context\":\"https:\/\/schema.org\",\"@graph\":[{\"@type\":\"Article\",\"@id\":\"https:\/\/www.berlinzeppelin.de\/aufblasbarer-globus-fuer-die-messe-hamburg\/#article\",\"isPartOf\":{\"@id\":\"https:\/\/www.berlinzeppelin.de\/aufblasbarer-globus-fuer-die-messe-hamburg\/\"},\"author\":{\"name\":\"kai\",\"@id\":\"https:\/\/www.berlinzeppelin.de\/#\/schema\/person\/2295eee28d1d0a7a0dd203303596547a\"},\"headline\":\"aufblasbarer Globus f\u00fcr die Messe Hamburg\",\"datePublished\":\"2023-03-16T15:48:10+00:00\",\"dateModified\":\"2023-04-18T09:06:33+00:00\",\"mainEntityOfPage\":{\"@id\":\"https:\/\/www.berlinzeppelin.de\/aufblasbarer-globus-fuer-die-messe-hamburg\/\"},\"wordCount\":7,\"commentCount\":0,\"publisher\":{\"@id\":\"https:\/\/www.berlinzeppelin.de\/#organization\"},\"image\":{\"@id\":\"https:\/\/www.berlinzeppelin.de\/aufblasbarer-globus-fuer-die-messe-hamburg\/#primaryimage\"},\"thumbnailUrl\":\"https:\/\/www.berlinzeppelin.de\/wp-content\/uploads\/Globus-Display-topografischer-Globus-mit-L\u00e4ndergrenzen.jpg\",\"articleSection\":[\"Globus\"],\"inLanguage\":\"en-GB\",\"potentialAction\":[{\"@type\":\"CommentAction\",\"name\":\"Comment\",\"target\":[\"https:\/\/www.berlinzeppelin.de\/aufblasbarer-globus-fuer-die-messe-hamburg\/#respond\"]}]},{\"@type\":\"WebPage\",\"@id\":\"https:\/\/www.berlinzeppelin.de\/aufblasbarer-globus-fuer-die-messe-hamburg\/\",\"url\":\"https:\/\/www.berlinzeppelin.de\/aufblasbarer-globus-fuer-die-messe-hamburg\/\",\"name\":\"aufblasbarer Globus f\u00fcr die Messe Hamburg - Berlinzeppelin\",\"isPartOf\":{\"@id\":\"https:\/\/www.berlinzeppelin.de\/#website\"},\"primaryImageOfPage\":{\"@id\":\"https:\/\/www.berlinzeppelin.de\/aufblasbarer-globus-fuer-die-messe-hamburg\/#primaryimage\"},\"image\":{\"@id\":\"https:\/\/www.berlinzeppelin.de\/aufblasbarer-globus-fuer-die-messe-hamburg\/#primaryimage\"},\"thumbnailUrl\":\"https:\/\/www.berlinzeppelin.de\/wp-content\/uploads\/Globus-Display-topografischer-Globus-mit-L\u00e4ndergrenzen.jpg\",\"datePublished\":\"2023-03-16T15:48:10+00:00\",\"dateModified\":\"2023-04-18T09:06:33+00:00\",\"description\":\"3m Globus Messe Hamburg. Optischer Anziehungspunkt f\u00fcr den Au\u00dfen- und Eingangsbereich einer Fachmesse in Hamburg.\",\"breadcrumb\":{\"@id\":\"https:\/\/www.berlinzeppelin.de\/aufblasbarer-globus-fuer-die-messe-hamburg\/#breadcrumb\"},\"inLanguage\":\"en-GB\",\"potentialAction\":[{\"@type\":\"ReadAction\",\"target\":[\"https:\/\/www.berlinzeppelin.de\/aufblasbarer-globus-fuer-die-messe-hamburg\/\"]}]},{\"@type\":\"ImageObject\",\"inLanguage\":\"en-GB\",\"@id\":\"https:\/\/www.berlinzeppelin.de\/aufblasbarer-globus-fuer-die-messe-hamburg\/#primaryimage\",\"url\":\"https:\/\/www.berlinzeppelin.de\/wp-content\/uploads\/Globus-Display-topografischer-Globus-mit-L\u00e4ndergrenzen.jpg\",\"contentUrl\":\"https:\/\/www.berlinzeppelin.de\/wp-content\/uploads\/Globus-Display-topografischer-Globus-mit-L\u00e4ndergrenzen.jpg\",\"width\":1500,\"height\":1000,\"caption\":\"Ein gro\u00dfer aufblasbarer Globus f\u00fcr Ausstellungen, Kongresse oder Messeevents. \u00c4u\u00dferst kleines Packma\u00df und daher praktisch f\u00fcr wiederkehrende Events!\"},{\"@type\":\"BreadcrumbList\",\"@id\":\"https:\/\/www.berlinzeppelin.de\/aufblasbarer-globus-fuer-die-messe-hamburg\/#breadcrumb\",\"itemListElement\":[{\"@type\":\"ListItem\",\"position\":1,\"name\":\"Startseite\",\"item\":\"https:\/\/www.berlinzeppelin.de\/\"},{\"@type\":\"ListItem\",\"position\":2,\"name\":\"aufblasbarer Globus f\u00fcr die Messe Hamburg\"}]},{\"@type\":\"WebSite\",\"@id\":\"https:\/\/www.berlinzeppelin.de\/#website\",\"url\":\"https:\/\/www.berlinzeppelin.de\/\",\"name\":\"Berlinzeppelin - aufblasbare Werbedisplays aus der Hauptstadt\",\"description\":\"aufblasbare Werbetr\u00e4ger und Displays aus Berlin.\",\"publisher\":{\"@id\":\"https:\/\/www.berlinzeppelin.de\/#organization\"},\"potentialAction\":[{\"@type\":\"SearchAction\",\"target\":{\"@type\":\"EntryPoint\",\"urlTemplate\":\"https:\/\/www.berlinzeppelin.de\/?s={search_term_string}\"},\"query-input\":{\"@type\":\"PropertyValueSpecification\",\"valueRequired\":true,\"valueName\":\"search_term_string\"}}],\"inLanguage\":\"en-GB\"},{\"@type\":\"Organization\",\"@id\":\"https:\/\/www.berlinzeppelin.de\/#organization\",\"name\":\"berlinzeppelin\",\"url\":\"https:\/\/www.berlinzeppelin.de\/\",\"logo\":{\"@type\":\"ImageObject\",\"inLanguage\":\"en-GB\",\"@id\":\"https:\/\/www.berlinzeppelin.de\/#\/schema\/logo\/image\/\",\"url\":\"https:\/\/www.berlinzeppelin.de\/wp-content\/uploads\/2016\/10\/berlinzeppelin.gif\",\"contentUrl\":\"https:\/\/www.berlinzeppelin.de\/wp-content\/uploads\/2016\/10\/berlinzeppelin.gif\",\"width\":250,\"height\":39,\"caption\":\"berlinzeppelin\"},\"image\":{\"@id\":\"https:\/\/www.berlinzeppelin.de\/#\/schema\/logo\/image\/\"},\"sameAs\":[\"https:\/\/www.youtube.com\/channel\/UCTiefMkryy5DRIJ2f9HKJ4A\"]},{\"@type\":\"Person\",\"@id\":\"https:\/\/www.berlinzeppelin.de\/#\/schema\/person\/2295eee28d1d0a7a0dd203303596547a\",\"name\":\"kai\",\"image\":{\"@type\":\"ImageObject\",\"inLanguage\":\"en-GB\",\"@id\":\"https:\/\/secure.gravatar.com\/avatar\/d77f0c1808c78fd4902e453ae59e516634a1206fae9b2c54d2bb319359ad8eaa?s=96&d=mm&r=g\",\"url\":\"https:\/\/secure.gravatar.com\/avatar\/d77f0c1808c78fd4902e453ae59e516634a1206fae9b2c54d2bb319359ad8eaa?s=96&d=mm&r=g\",\"contentUrl\":\"https:\/\/secure.gravatar.com\/avatar\/d77f0c1808c78fd4902e453ae59e516634a1206fae9b2c54d2bb319359ad8eaa?s=96&d=mm&r=g\",\"caption\":\"kai\"},\"url\":\"https:\/\/www.berlinzeppelin.de\/en\/author\/kai\/\"}]}<\/script>\n<!-- \/ Yoast SEO plugin. -->","yoast_head_json":{"title":"aufblasbarer Globus f\u00fcr die Messe Hamburg - Berlinzeppelin","description":"With a diameter of 3m. Visual attraction for the outdoor and entrance area of a trade fair in Hamburg.","robots":{"index":"index","follow":"follow","max-snippet":"max-snippet:-1","max-image-preview":"max-image-preview:large","max-video-preview":"max-video-preview:-1"},"canonical":"https:\/\/www.berlinzeppelin.de\/en\/aufblasbarer-globus-fuer-die-messe-hamburg\/","og_locale":"en_GB","og_type":"article","og_title":"aufblasbarer Globus f\u00fcr die Messe Hamburg - Berlinzeppelin","og_description":"3m Globus Messe Hamburg. Optischer Anziehungspunkt f\u00fcr den Au\u00dfen- und Eingangsbereich einer Fachmesse in Hamburg.","og_url":"https:\/\/www.berlinzeppelin.de\/en\/aufblasbarer-globus-fuer-die-messe-hamburg\/","og_site_name":"Berlinzeppelin","article_published_time":"2023-03-16T15:48:10+00:00","article_modified_time":"2023-04-18T09:06:33+00:00","og_image":[{"width":1500,"height":1000,"url":"https:\/\/www.berlinzeppelin.de\/wp-content\/uploads\/Globus-Display-topografischer-Globus-mit-L\u00e4ndergrenzen.jpg","type":"image\/jpeg"}],"author":"kai","twitter_card":"summary_large_image","twitter_misc":{"Written by":"kai"},"schema":{"@context":"https:\/\/schema.org","@graph":[{"@type":"Article","@id":"https:\/\/www.berlinzeppelin.de\/aufblasbarer-globus-fuer-die-messe-hamburg\/#article","isPartOf":{"@id":"https:\/\/www.berlinzeppelin.de\/aufblasbarer-globus-fuer-die-messe-hamburg\/"},"author":{"name":"kai","@id":"https:\/\/www.berlinzeppelin.de\/#\/schema\/person\/2295eee28d1d0a7a0dd203303596547a"},"headline":"aufblasbarer Globus f\u00fcr die Messe Hamburg","datePublished":"2023-03-16T15:48:10+00:00","dateModified":"2023-04-18T09:06:33+00:00","mainEntityOfPage":{"@id":"https:\/\/www.berlinzeppelin.de\/aufblasbarer-globus-fuer-die-messe-hamburg\/"},"wordCount":7,"commentCount":0,"publisher":{"@id":"https:\/\/www.berlinzeppelin.de\/#organization"},"image":{"@id":"https:\/\/www.berlinzeppelin.de\/aufblasbarer-globus-fuer-die-messe-hamburg\/#primaryimage"},"thumbnailUrl":"https:\/\/www.berlinzeppelin.de\/wp-content\/uploads\/Globus-Display-topografischer-Globus-mit-L\u00e4ndergrenzen.jpg","articleSection":["Globus"],"inLanguage":"en-GB","potentialAction":[{"@type":"CommentAction","name":"Comment","target":["https:\/\/www.berlinzeppelin.de\/aufblasbarer-globus-fuer-die-messe-hamburg\/#respond"]}]},{"@type":"WebPage","@id":"https:\/\/www.berlinzeppelin.de\/aufblasbarer-globus-fuer-die-messe-hamburg\/","url":"https:\/\/www.berlinzeppelin.de\/aufblasbarer-globus-fuer-die-messe-hamburg\/","name":"aufblasbarer Globus f\u00fcr die Messe Hamburg - Berlinzeppelin","isPartOf":{"@id":"https:\/\/www.berlinzeppelin.de\/#website"},"primaryImageOfPage":{"@id":"https:\/\/www.berlinzeppelin.de\/aufblasbarer-globus-fuer-die-messe-hamburg\/#primaryimage"},"image":{"@id":"https:\/\/www.berlinzeppelin.de\/aufblasbarer-globus-fuer-die-messe-hamburg\/#primaryimage"},"thumbnailUrl":"https:\/\/www.berlinzeppelin.de\/wp-content\/uploads\/Globus-Display-topografischer-Globus-mit-L\u00e4ndergrenzen.jpg","datePublished":"2023-03-16T15:48:10+00:00","dateModified":"2023-04-18T09:06:33+00:00","description":"With a diameter of 3m. Visual attraction for the outdoor and entrance area of a trade fair in Hamburg.","breadcrumb":{"@id":"https:\/\/www.berlinzeppelin.de\/aufblasbarer-globus-fuer-die-messe-hamburg\/#breadcrumb"},"inLanguage":"en-GB","potentialAction":[{"@type":"ReadAction","target":["https:\/\/www.berlinzeppelin.de\/aufblasbarer-globus-fuer-die-messe-hamburg\/"]}]},{"@type":"ImageObject","inLanguage":"en-GB","@id":"https:\/\/www.berlinzeppelin.de\/aufblasbarer-globus-fuer-die-messe-hamburg\/#primaryimage","url":"https:\/\/www.berlinzeppelin.de\/wp-content\/uploads\/Globus-Display-topografischer-Globus-mit-L\u00e4ndergrenzen.jpg","contentUrl":"https:\/\/www.berlinzeppelin.de\/wp-content\/uploads\/Globus-Display-topografischer-Globus-mit-L\u00e4ndergrenzen.jpg","width":1500,"height":1000,"caption":"Ein gro\u00dfer aufblasbarer Globus f\u00fcr Ausstellungen, Kongresse oder Messeevents. \u00c4u\u00dferst kleines Packma\u00df und daher praktisch f\u00fcr wiederkehrende Events!"},{"@type":"BreadcrumbList","@id":"https:\/\/www.berlinzeppelin.de\/aufblasbarer-globus-fuer-die-messe-hamburg\/#breadcrumb","itemListElement":[{"@type":"ListItem","position":1,"name":"Startseite","item":"https:\/\/www.berlinzeppelin.de\/"},{"@type":"ListItem","position":2,"name":"aufblasbarer Globus f\u00fcr die Messe Hamburg"}]},{"@type":"WebSite","@id":"https:\/\/www.berlinzeppelin.de\/#website","url":"https:\/\/www.berlinzeppelin.de\/","name":"Berlinzeppelin - aufblasbare Werbedisplays aus der Hauptstadt","description":"aufblasbare Werbetr\u00e4ger und Displays aus Berlin.","publisher":{"@id":"https:\/\/www.berlinzeppelin.de\/#organization"},"potentialAction":[{"@type":"SearchAction","target":{"@type":"EntryPoint","urlTemplate":"https:\/\/www.berlinzeppelin.de\/?s={search_term_string}"},"query-input":{"@type":"PropertyValueSpecification","valueRequired":true,"valueName":"search_term_string"}}],"inLanguage":"en-GB"},{"@type":"Organization","@id":"https:\/\/www.berlinzeppelin.de\/#organization","name":"berlinzeppelin","url":"https:\/\/www.berlinzeppelin.de\/","logo":{"@type":"ImageObject","inLanguage":"en-GB","@id":"https:\/\/www.berlinzeppelin.de\/#\/schema\/logo\/image\/","url":"https:\/\/www.berlinzeppelin.de\/wp-content\/uploads\/2016\/10\/berlinzeppelin.gif","contentUrl":"https:\/\/www.berlinzeppelin.de\/wp-content\/uploads\/2016\/10\/berlinzeppelin.gif","width":250,"height":39,"caption":"berlinzeppelin"},"image":{"@id":"https:\/\/www.berlinzeppelin.de\/#\/schema\/logo\/image\/"},"sameAs":["https:\/\/www.youtube.com\/channel\/UCTiefMkryy5DRIJ2f9HKJ4A"]},{"@type":"Person","@id":"https:\/\/www.berlinzeppelin.de\/#\/schema\/person\/2295eee28d1d0a7a0dd203303596547a","name":"kai","image":{"@type":"ImageObject","inLanguage":"en-GB","@id":"https:\/\/secure.gravatar.com\/avatar\/d77f0c1808c78fd4902e453ae59e516634a1206fae9b2c54d2bb319359ad8eaa?s=96&d=mm&r=g","url":"https:\/\/secure.gravatar.com\/avatar\/d77f0c1808c78fd4902e453ae59e516634a1206fae9b2c54d2bb319359ad8eaa?s=96&d=mm&r=g","contentUrl":"https:\/\/secure.gravatar.com\/avatar\/d77f0c1808c78fd4902e453ae59e516634a1206fae9b2c54d2bb319359ad8eaa?s=96&d=mm&r=g","caption":"kai"},"url":"https:\/\/www.berlinzeppelin.de\/en\/author\/kai\/"}]}},"_links":{"self":[{"href":"https:\/\/www.berlinzeppelin.de\/en\/wp-json\/wp\/v2\/posts\/7077","targetHints":{"allow":["GET"]}}],"collection":[{"href":"https:\/\/www.berlinzeppelin.de\/en\/wp-json\/wp\/v2\/posts"}],"about":[{"href":"https:\/\/www.berlinzeppelin.de\/en\/wp-json\/wp\/v2\/types\/post"}],"author":[{"embeddable":true,"href":"https:\/\/www.berlinzeppelin.de\/en\/wp-json\/wp\/v2\/users\/3"}],"replies":[{"embeddable":true,"href":"https:\/\/www.berlinzeppelin.de\/en\/wp-json\/wp\/v2\/comments?post=7077"}],"version-history":[{"count":1,"href":"https:\/\/www.berlinzeppelin.de\/en\/wp-json\/wp\/v2\/posts\/7077\/revisions"}],"predecessor-version":[{"id":7078,"href":"https:\/\/www.berlinzeppelin.de\/en\/wp-json\/wp\/v2\/posts\/7077\/revisions\/7078"}],"wp:featuredmedia":[{"embeddable":true,"href":"https:\/\/www.berlinzeppelin.de\/en\/wp-json\/wp\/v2\/media\/5394"}],"wp:attachment":[{"href":"https:\/\/www.berlinzeppelin.de\/en\/wp-json\/wp\/v2\/media?parent=7077"}],"wp:term":[{"taxonomy":"category","embeddable":true,"href":"https:\/\/www.berlinzeppelin.de\/en\/wp-json\/wp\/v2\/categories?post=7077"},{"taxonomy":"post_tag","embeddable":true,"href":"https:\/\/www.berlinzeppelin.de\/en\/wp-json\/wp\/v2\/tags?post=7077"}],"curies":[{"name":"wp","href":"https:\/\/api.w.org\/{rel}","templated":true}]}}